{"id":1798,"date":"2021-02-15T09:42:34","date_gmt":"2021-02-15T12:42:34","guid":{"rendered":"https:\/\/rms.adv.br\/?p=1798"},"modified":"2025-12-02T10:48:44","modified_gmt":"2025-12-02T13:48:44","slug":"apresentada-primeira-acao-civil-publica-com-base-na-lgpd","status":"publish","type":"post","link":"https:\/\/rms.adv.br\/en\/sem-categoria\/apresentada-primeira-acao-civil-publica-com-base-na-lgpd\/","title":{"rendered":"First Public Civil Action based on the LGPD"},"content":{"rendered":"<p>The protocol of the first Public Civil Action (ACP) was announced by the Public Ministry of the Federal District (MP-DF), supported by the General Law for the Protection of Personal Data (LGPD), three days after the legal rule came into force, on 09\/18\/2020, which had the initial petition dismissed due to the absence of procedural interest, causing a sentence to terminate the process without judgment on the merits.<\/p>\n<p>ACP n\u00ba 0730600-90.2020.8.07.0001 to the detriment of a company that supposedly commercialized personal data pleaded for the suspension of the domain and the abstention regarding the availability of data. On the merits, the MP-DF strove for the elimination of all personal data eventually treated in an irregular manner and permanent cancellation of the domain registration.<\/p>\n<p>The specific case concerns, according to the MP-DF, the commercialization on the internet of personal data of Brazilians, such as name, e-mail, addresses and contacts, by a company domiciled in the country. Also, according to the Parquet, it would be possible on the website of said legal entity, the acquisition of personal data segmented by profession and Federative Unit. This information was obtained by investigative investigations carried out by the Special Data Protection and Artificial Intelligence Unit.<\/p>\n<p>In the ACP&#8217;s initial petition, the MP-DF organized argumentative reasoning around the MP&#8217;s active legitimacy to protect information from personal data holders, covered, in the ministerial perspective, by the diffuse, collective and homogeneous individual protection of rights; interest in acting based \u201con the existence of injury or threat of injury to a supra-individual interest\u201d; and list of legal rules indicated to demonstrate the legal protection of personal data protection.<\/p>\n<p>As for the LGPD, it is clarified in the piece that \u201cthe present action has a preparatory format for a future public civil action for redress of collective damages\u201d, in order to comply with \u00a7 3, of article 42, of the LGPD, which provides on this legal mechanism, aimed at holding the controller or operator accountable which may cause harm to others for breach of the legislation on the protection of personal data. In addition, the MP-DF classifies data processing as irregular, supported by article 44 of the LGPD, for hypothetical non-compliance with the legislation.<\/p>\n<p>On 9\/22\/20, there was a decision to reject the initial petition and dismiss the case without resolving the merits. The decision was based on the lack of procedural interest, since in a consultation carried out on the internet, the court found that the domain mentioned by the MP-DF was under maintenance. Such fact, depending on the decision, would be due to the circumstance that &#8220;those responsible for the above-mentioned site must be seeking to adapt their services to the legal rules for the protection of personal data&#8221;.<\/p>\n<p>Thus, the decision concluded that there is no procedural interest of the MP-DF, since the maintenance of the site leads to the conclusion that \u201cthere was no evidence of injury or threat of injury capable of justifying the claim for injunctive relief deducted in the initial, with what the present action becomes useless \u201d.<\/p>\n<p>Currently, the case records are concluded for the magistrate&#8217;s decision, after the MP-DF has filed a statement in which it understood \u201cthat the simple act of having the site under maintenance does not rule out the usefulness of the process\u201d, particularly due to the request for the relative initial the elimination of \u201call personal data treated in an irregular manner\u201d.<\/p>\n<p>By: Wilson Sales Belchior<\/p>","protected":false},"excerpt":{"rendered":"<p>The protocol of the first Public Civil Action (ACP) was announced by the Public Ministry of the Federal District (MP-DF), supported by the General Law for the Protection of Personal Data (LGPD), three days after the legal rule came into force, on 09\/18\/2020, which had the initial petition dismissed due to the absence of procedural [&hellip;]<\/p>\n","protected":false},"author":3,"featured_media":1799,"comment_status":"closed","ping_status":"closed","sticky":false,"template":"","format":"standard","meta":{"_acf_changed":false,"footnotes":""},"categories":[1],"tags":[],"class_list":["post-1798","post","type-post","status-publish","format-standard","has-post-thumbnail","hentry","category-sem-categoria"],"acf":[],"yoast_head":"<!-- This site is optimized with the Yoast SEO plugin v27.5 - https:\/\/yoast.com\/product\/yoast-seo-wordpress\/ -->\n<title>First Public Civil Action based on the LGPD - RMS Advogados<\/title>\n<meta name=\"robots\" content=\"index, follow, max-snippet:-1, max-image-preview:large, max-video-preview:-1\" \/>\n<link rel=\"canonical\" href=\"https:\/\/rms.adv.br\/en\/sem-categoria\/apresentada-primeira-acao-civil-publica-com-base-na-lgpd\/\" \/>\n<meta property=\"og:locale\" content=\"en_US\" \/>\n<meta property=\"og:type\" content=\"article\" \/>\n<meta property=\"og:title\" content=\"First Public Civil Action based on the LGPD - RMS Advogados\" \/>\n<meta property=\"og:description\" content=\"The protocol of the first Public Civil Action (ACP) was announced by the Public Ministry of the Federal District (MP-DF), supported by the General Law for the Protection of Personal Data (LGPD), three days after the legal rule came into force, on 09\/18\/2020, which had the initial petition dismissed due to the absence of procedural [&hellip;]\" \/>\n<meta property=\"og:url\" content=\"https:\/\/rms.adv.br\/en\/sem-categoria\/apresentada-primeira-acao-civil-publica-com-base-na-lgpd\/\" \/>\n<meta property=\"og:site_name\" content=\"RMS Advogados\" \/>\n<meta property=\"article:publisher\" content=\"https:\/\/www.facebook.com\/rmsadvogados.br\" \/>\n<meta property=\"article:published_time\" content=\"2021-02-15T12:42:34+00:00\" \/>\n<meta property=\"article:modified_time\" content=\"2025-12-02T13:48:44+00:00\" \/>\n<meta property=\"og:image\" content=\"https:\/\/rms.adv.br\/wp-content\/uploads\/2021\/02\/141-1024x768.jpg\" \/>\n\t<meta property=\"og:image:width\" content=\"1024\" \/>\n\t<meta property=\"og:image:height\" content=\"768\" \/>\n\t<meta property=\"og:image:type\" content=\"image\/jpeg\" \/>\n<meta name=\"author\" content=\"carol\" \/>\n<meta name=\"twitter:card\" content=\"summary_large_image\" \/>\n<meta name=\"twitter:label1\" content=\"Written by\" \/>\n\t<meta name=\"twitter:data1\" content=\"carol\" \/>\n\t<meta name=\"twitter:label2\" content=\"Est. reading time\" \/>\n\t<meta name=\"twitter:data2\" content=\"6 minutes\" \/>\n<script type=\"application\/ld+json\" class=\"yoast-schema-graph\">{\"@context\":\"https:\\\/\\\/schema.org\",\"@graph\":[{\"@type\":\"Article\",\"@id\":\"https:\\\/\\\/rms.adv.br\\\/sem-categoria\\\/apresentada-primeira-acao-civil-publica-com-base-na-lgpd\\\/#article\",\"isPartOf\":{\"@id\":\"https:\\\/\\\/rms.adv.br\\\/sem-categoria\\\/apresentada-primeira-acao-civil-publica-com-base-na-lgpd\\\/\"},\"author\":{\"name\":\"carol\",\"@id\":\"https:\\\/\\\/rms.adv.br\\\/#\\\/schema\\\/person\\\/aa72d20169e67a8e7e3819a42fa9f2a5\"},\"headline\":\"First Public Civil Action based on the LGPD\",\"datePublished\":\"2021-02-15T12:42:34+00:00\",\"dateModified\":\"2025-12-02T13:48:44+00:00\",\"mainEntityOfPage\":{\"@id\":\"https:\\\/\\\/rms.adv.br\\\/sem-categoria\\\/apresentada-primeira-acao-civil-publica-com-base-na-lgpd\\\/\"},\"wordCount\":1194,\"publisher\":{\"@id\":\"https:\\\/\\\/rms.adv.br\\\/#organization\"},\"image\":{\"@id\":\"https:\\\/\\\/rms.adv.br\\\/sem-categoria\\\/apresentada-primeira-acao-civil-publica-com-base-na-lgpd\\\/#primaryimage\"},\"thumbnailUrl\":\"https:\\\/\\\/rms.adv.br\\\/wp-content\\\/uploads\\\/2021\\\/02\\\/141.jpg\",\"articleSection\":[\"Sem categoria\"],\"inLanguage\":\"en-US\"},{\"@type\":\"WebPage\",\"@id\":\"https:\\\/\\\/rms.adv.br\\\/en\\\/sem-categoria\\\/apresentada-primeira-acao-civil-publica-com-base-na-lgpd\\\/\",\"url\":\"https:\\\/\\\/rms.adv.br\\\/en\\\/sem-categoria\\\/apresentada-primeira-acao-civil-publica-com-base-na-lgpd\\\/\",\"name\":\"First Public Civil Action based on the LGPD - RMS Advogados\",\"isPartOf\":{\"@id\":\"https:\\\/\\\/rms.adv.br\\\/en\\\/#website\"},\"primaryImageOfPage\":{\"@id\":\"https:\\\/\\\/rms.adv.br\\\/en\\\/sem-categoria\\\/apresentada-primeira-acao-civil-publica-com-base-na-lgpd\\\/#primaryimage\"},\"image\":{\"@id\":\"https:\\\/\\\/rms.adv.br\\\/sem-categoria\\\/apresentada-primeira-acao-civil-publica-com-base-na-lgpd\\\/#primaryimage\"},\"thumbnailUrl\":\"https:\\\/\\\/rms.adv.br\\\/wp-content\\\/uploads\\\/2021\\\/02\\\/141.jpg\",\"datePublished\":\"2021-02-15T12:42:34+00:00\",\"dateModified\":\"2025-12-02T13:48:44+00:00\",\"breadcrumb\":{\"@id\":\"https:\\\/\\\/rms.adv.br\\\/en\\\/sem-categoria\\\/apresentada-primeira-acao-civil-publica-com-base-na-lgpd\\\/#breadcrumb\"},\"inLanguage\":\"en-US\",\"potentialAction\":[{\"@type\":\"ReadAction\",\"target\":[[\"https:\\\/\\\/rms.adv.br\\\/en\\\/sem-categoria\\\/apresentada-primeira-acao-civil-publica-com-base-na-lgpd\\\/\"]]}]},{\"@type\":\"ImageObject\",\"inLanguage\":\"en-US\",\"@id\":\"https:\\\/\\\/rms.adv.br\\\/en\\\/sem-categoria\\\/apresentada-primeira-acao-civil-publica-com-base-na-lgpd\\\/#primaryimage\",\"url\":\"https:\\\/\\\/rms.adv.br\\\/wp-content\\\/uploads\\\/2021\\\/02\\\/141.jpg\",\"contentUrl\":\"https:\\\/\\\/rms.adv.br\\\/wp-content\\\/uploads\\\/2021\\\/02\\\/141.jpg\",\"width\":4724,\"height\":3543},{\"@type\":\"BreadcrumbList\",\"@id\":\"https:\\\/\\\/rms.adv.br\\\/en\\\/sem-categoria\\\/apresentada-primeira-acao-civil-publica-com-base-na-lgpd\\\/#breadcrumb\",\"itemListElement\":[{\"@type\":\"ListItem\",\"position\":1,\"name\":\"RMS Advogados\",\"item\":\"https:\\\/\\\/rms.adv.br\\\/en\\\/\"},{\"@type\":\"ListItem\",\"position\":2,\"name\":\"Apresentada primeira A\u00e7\u00e3o Civil P\u00fablica com base na LGPD\"}]},{\"@type\":\"WebSite\",\"@id\":\"https:\\\/\\\/rms.adv.br\\\/en\\\/#website\",\"url\":\"https:\\\/\\\/rms.adv.br\\\/en\\\/\",\"name\":\"RMS Advogados\",\"description\":\"(PT) Site\",\"publisher\":{\"@id\":\"https:\\\/\\\/rms.adv.br\\\/en\\\/#organization\"},\"potentialAction\":[{\"@type\":\"SearchAction\",\"target\":{\"@type\":\"EntryPoint\",\"urlTemplate\":\"https:\\\/\\\/rms.adv.br\\\/en\\\/?s={search_term_string}\"},\"query-input\":{\"@type\":\"PropertyValueSpecification\",\"valueRequired\":true,\"valueName\":\"search_term_string\"}}],\"inLanguage\":\"en-US\"},{\"@type\":\"Organization\",\"@id\":\"https:\\\/\\\/rms.adv.br\\\/en\\\/#organization\",\"name\":\"RMS Advogados\",\"url\":\"https:\\\/\\\/rms.adv.br\\\/en\\\/\",\"logo\":{\"@type\":\"ImageObject\",\"inLanguage\":\"en-US\",\"@id\":\"https:\\\/\\\/rms.adv.br\\\/en\\\/#\\\/schema\\\/logo\\\/image\\\/\",\"url\":\"https:\\\/\\\/rms.adv.br\\\/wp-content\\\/uploads\\\/2022\\\/07\\\/RMS-Advogados.jpg\",\"contentUrl\":\"https:\\\/\\\/rms.adv.br\\\/wp-content\\\/uploads\\\/2022\\\/07\\\/RMS-Advogados.jpg\",\"width\":945,\"height\":945,\"caption\":\"RMS Advogados\"},\"image\":{\"@id\":\"https:\\\/\\\/rms.adv.br\\\/en\\\/#\\\/schema\\\/logo\\\/image\\\/\"},\"sameAs\":[\"https:\\\/\\\/www.facebook.com\\\/rmsadvogados.br\",\"https:\\\/\\\/www.instagram.com\\\/rmsadvogados\\\/\",\"https:\\\/\\\/www.linkedin.com\\\/company\\\/rms-advogados\",\"https:\\\/\\\/www.youtube.com\\\/channel\\\/UCPDkHENTGPmDE5isLWhKB8A\"]},{\"@type\":\"Person\",\"@id\":\"https:\\\/\\\/rms.adv.br\\\/#\\\/schema\\\/person\\\/aa72d20169e67a8e7e3819a42fa9f2a5\",\"name\":\"carol\",\"image\":{\"@type\":\"ImageObject\",\"inLanguage\":\"en-US\",\"@id\":\"https:\\\/\\\/secure.gravatar.com\\\/avatar\\\/b1d8b963c149a158f3f0b803ac801048f7cadca1b33bea661488e3f8f7d4e21f?s=96&d=mm&r=g\",\"url\":\"https:\\\/\\\/secure.gravatar.com\\\/avatar\\\/b1d8b963c149a158f3f0b803ac801048f7cadca1b33bea661488e3f8f7d4e21f?s=96&d=mm&r=g\",\"contentUrl\":\"https:\\\/\\\/secure.gravatar.com\\\/avatar\\\/b1d8b963c149a158f3f0b803ac801048f7cadca1b33bea661488e3f8f7d4e21f?s=96&d=mm&r=g\",\"caption\":\"carol\"},\"url\":\"https:\\\/\\\/rms.adv.br\\\/en\\\/author\\\/carol\\\/\"}]}<\/script>\n<!-- \/ Yoast SEO plugin. -->","yoast_head_json":{"title":"First Public Civil Action based on the LGPD - RMS Advogados","robots":{"index":"index","follow":"follow","max-snippet":"max-snippet:-1","max-image-preview":"max-image-preview:large","max-video-preview":"max-video-preview:-1"},"canonical":"https:\/\/rms.adv.br\/en\/sem-categoria\/apresentada-primeira-acao-civil-publica-com-base-na-lgpd\/","og_locale":"en_US","og_type":"article","og_title":"First Public Civil Action based on the LGPD - RMS Advogados","og_description":"The protocol of the first Public Civil Action (ACP) was announced by the Public Ministry of the Federal District (MP-DF), supported by the General Law for the Protection of Personal Data (LGPD), three days after the legal rule came into force, on 09\/18\/2020, which had the initial petition dismissed due to the absence of procedural [&hellip;]","og_url":"https:\/\/rms.adv.br\/en\/sem-categoria\/apresentada-primeira-acao-civil-publica-com-base-na-lgpd\/","og_site_name":"RMS Advogados","article_publisher":"https:\/\/www.facebook.com\/rmsadvogados.br","article_published_time":"2021-02-15T12:42:34+00:00","article_modified_time":"2025-12-02T13:48:44+00:00","og_image":[{"width":1024,"height":768,"url":"https:\/\/rms.adv.br\/wp-content\/uploads\/2021\/02\/141-1024x768.jpg","type":"image\/jpeg"}],"author":"carol","twitter_card":"summary_large_image","twitter_misc":{"Written by":"carol","Est. reading time":"6 minutes"},"schema":{"@context":"https:\/\/schema.org","@graph":[{"@type":"Article","@id":"https:\/\/rms.adv.br\/sem-categoria\/apresentada-primeira-acao-civil-publica-com-base-na-lgpd\/#article","isPartOf":{"@id":"https:\/\/rms.adv.br\/sem-categoria\/apresentada-primeira-acao-civil-publica-com-base-na-lgpd\/"},"author":{"name":"carol","@id":"https:\/\/rms.adv.br\/#\/schema\/person\/aa72d20169e67a8e7e3819a42fa9f2a5"},"headline":"First Public Civil Action based on the LGPD","datePublished":"2021-02-15T12:42:34+00:00","dateModified":"2025-12-02T13:48:44+00:00","mainEntityOfPage":{"@id":"https:\/\/rms.adv.br\/sem-categoria\/apresentada-primeira-acao-civil-publica-com-base-na-lgpd\/"},"wordCount":1194,"publisher":{"@id":"https:\/\/rms.adv.br\/#organization"},"image":{"@id":"https:\/\/rms.adv.br\/sem-categoria\/apresentada-primeira-acao-civil-publica-com-base-na-lgpd\/#primaryimage"},"thumbnailUrl":"https:\/\/rms.adv.br\/wp-content\/uploads\/2021\/02\/141.jpg","articleSection":["Sem categoria"],"inLanguage":"en-US"},{"@type":"WebPage","@id":"https:\/\/rms.adv.br\/en\/sem-categoria\/apresentada-primeira-acao-civil-publica-com-base-na-lgpd\/","url":"https:\/\/rms.adv.br\/en\/sem-categoria\/apresentada-primeira-acao-civil-publica-com-base-na-lgpd\/","name":"First Public Civil Action based on the LGPD - RMS Advogados","isPartOf":{"@id":"https:\/\/rms.adv.br\/en\/#website"},"primaryImageOfPage":{"@id":"https:\/\/rms.adv.br\/en\/sem-categoria\/apresentada-primeira-acao-civil-publica-com-base-na-lgpd\/#primaryimage"},"image":{"@id":"https:\/\/rms.adv.br\/sem-categoria\/apresentada-primeira-acao-civil-publica-com-base-na-lgpd\/#primaryimage"},"thumbnailUrl":"https:\/\/rms.adv.br\/wp-content\/uploads\/2021\/02\/141.jpg","datePublished":"2021-02-15T12:42:34+00:00","dateModified":"2025-12-02T13:48:44+00:00","breadcrumb":{"@id":"https:\/\/rms.adv.br\/en\/sem-categoria\/apresentada-primeira-acao-civil-publica-com-base-na-lgpd\/#breadcrumb"},"inLanguage":"en-US","potentialAction":[{"@type":"ReadAction","target":[["https:\/\/rms.adv.br\/en\/sem-categoria\/apresentada-primeira-acao-civil-publica-com-base-na-lgpd\/"]]}]},{"@type":"ImageObject","inLanguage":"en-US","@id":"https:\/\/rms.adv.br\/en\/sem-categoria\/apresentada-primeira-acao-civil-publica-com-base-na-lgpd\/#primaryimage","url":"https:\/\/rms.adv.br\/wp-content\/uploads\/2021\/02\/141.jpg","contentUrl":"https:\/\/rms.adv.br\/wp-content\/uploads\/2021\/02\/141.jpg","width":4724,"height":3543},{"@type":"BreadcrumbList","@id":"https:\/\/rms.adv.br\/en\/sem-categoria\/apresentada-primeira-acao-civil-publica-com-base-na-lgpd\/#breadcrumb","itemListElement":[{"@type":"ListItem","position":1,"name":"RMS Advogados","item":"https:\/\/rms.adv.br\/en\/"},{"@type":"ListItem","position":2,"name":"Apresentada primeira A\u00e7\u00e3o Civil P\u00fablica com base na LGPD"}]},{"@type":"WebSite","@id":"https:\/\/rms.adv.br\/en\/#website","url":"https:\/\/rms.adv.br\/en\/","name":"RMS Advogados","description":"(PT) Site","publisher":{"@id":"https:\/\/rms.adv.br\/en\/#organization"},"potentialAction":[{"@type":"SearchAction","target":{"@type":"EntryPoint","urlTemplate":"https:\/\/rms.adv.br\/en\/?s={search_term_string}"},"query-input":{"@type":"PropertyValueSpecification","valueRequired":true,"valueName":"search_term_string"}}],"inLanguage":"en-US"},{"@type":"Organization","@id":"https:\/\/rms.adv.br\/en\/#organization","name":"RMS Advogados","url":"https:\/\/rms.adv.br\/en\/","logo":{"@type":"ImageObject","inLanguage":"en-US","@id":"https:\/\/rms.adv.br\/en\/#\/schema\/logo\/image\/","url":"https:\/\/rms.adv.br\/wp-content\/uploads\/2022\/07\/RMS-Advogados.jpg","contentUrl":"https:\/\/rms.adv.br\/wp-content\/uploads\/2022\/07\/RMS-Advogados.jpg","width":945,"height":945,"caption":"RMS Advogados"},"image":{"@id":"https:\/\/rms.adv.br\/en\/#\/schema\/logo\/image\/"},"sameAs":["https:\/\/www.facebook.com\/rmsadvogados.br","https:\/\/www.instagram.com\/rmsadvogados\/","https:\/\/www.linkedin.com\/company\/rms-advogados","https:\/\/www.youtube.com\/channel\/UCPDkHENTGPmDE5isLWhKB8A"]},{"@type":"Person","@id":"https:\/\/rms.adv.br\/#\/schema\/person\/aa72d20169e67a8e7e3819a42fa9f2a5","name":"carol","image":{"@type":"ImageObject","inLanguage":"en-US","@id":"https:\/\/secure.gravatar.com\/avatar\/b1d8b963c149a158f3f0b803ac801048f7cadca1b33bea661488e3f8f7d4e21f?s=96&d=mm&r=g","url":"https:\/\/secure.gravatar.com\/avatar\/b1d8b963c149a158f3f0b803ac801048f7cadca1b33bea661488e3f8f7d4e21f?s=96&d=mm&r=g","contentUrl":"https:\/\/secure.gravatar.com\/avatar\/b1d8b963c149a158f3f0b803ac801048f7cadca1b33bea661488e3f8f7d4e21f?s=96&d=mm&r=g","caption":"carol"},"url":"https:\/\/rms.adv.br\/en\/author\/carol\/"}]}},"_links":{"self":[{"href":"https:\/\/rms.adv.br\/en\/wp-json\/wp\/v2\/posts\/1798","targetHints":{"allow":["GET"]}}],"collection":[{"href":"https:\/\/rms.adv.br\/en\/wp-json\/wp\/v2\/posts"}],"about":[{"href":"https:\/\/rms.adv.br\/en\/wp-json\/wp\/v2\/types\/post"}],"author":[{"embeddable":true,"href":"https:\/\/rms.adv.br\/en\/wp-json\/wp\/v2\/users\/3"}],"replies":[{"embeddable":true,"href":"https:\/\/rms.adv.br\/en\/wp-json\/wp\/v2\/comments?post=1798"}],"version-history":[{"count":1,"href":"https:\/\/rms.adv.br\/en\/wp-json\/wp\/v2\/posts\/1798\/revisions"}],"predecessor-version":[{"id":1800,"href":"https:\/\/rms.adv.br\/en\/wp-json\/wp\/v2\/posts\/1798\/revisions\/1800"}],"wp:featuredmedia":[{"embeddable":true,"href":"https:\/\/rms.adv.br\/en\/wp-json\/wp\/v2\/media\/1799"}],"wp:attachment":[{"href":"https:\/\/rms.adv.br\/en\/wp-json\/wp\/v2\/media?parent=1798"}],"wp:term":[{"taxonomy":"category","embeddable":true,"href":"https:\/\/rms.adv.br\/en\/wp-json\/wp\/v2\/categories?post=1798"},{"taxonomy":"post_tag","embeddable":true,"href":"https:\/\/rms.adv.br\/en\/wp-json\/wp\/v2\/tags?post=1798"}],"curies":[{"name":"wp","href":"https:\/\/api.w.org\/{rel}","templated":true}]}}