{"id":1936,"date":"2021-02-15T11:28:32","date_gmt":"2021-02-15T14:28:32","guid":{"rendered":"https:\/\/rms.adv.br\/?p=1936"},"modified":"2025-12-02T10:48:16","modified_gmt":"2025-12-02T13:48:16","slug":"privacidade-e-protecao-de-dados-e-um-debate-urgente","status":"publish","type":"post","link":"https:\/\/rms.adv.br\/en\/rms-noticias\/direito-digital\/privacidade-e-protecao-de-dados-e-um-debate-urgente\/","title":{"rendered":"Privacy and data protection is an urgent debate"},"content":{"rendered":"<p>International Data Privacy Day<\/p>\n<p>Thirty years ago, in the city of Strasbourg, on 01\/28\/1981, the first international legally binding instrument in the area of \u200b\u200bdata protection was open for signature and accession. The \u201cConvention for the protection of individuals with regard to the automated processing of personal data\u201d (ETS No. 108) is intended to ensure respect for the fundamental rights and freedoms of individuals, particularly the right to privacy with regard to the automated processing of personal data. personal data.<\/p>\n<p>At that time, rights of data subjects were already foreseen, which are also present in GDPR (Regulation (EU) 2016\/679) and in LGPD (Law n\u00ba 13.709 \/ 2018), such as confirmation of existence, access, rectification, elimination and right to petition regarding personal data. Since then, technological innovation has led to numerous changes in society and economic relations. It is no coincidence that the data economy has become the most frequent expression to refer to the diversity of ways in which data are being monetized around the world. An example of this is the prognosis that by 2030, Artificial Intelligence applications powered by data will generate US $ 13 trillion in new global economic activities, according to a survey by McKinsey &amp; Company.<\/p>\n<p>Availability of data and new technologies resignify, at different levels, the way in which relationships are established in society. The breadth and variety of impacts maximizes the importance of the discussion around privacy and data protection. In Brazil, the entry into force of the LGPD in September 2020, the organization of the ANPD and the possibility of sanctions being applied as of August 2021 boost the urgency of realizing the implications and consequences of this theme in business and operations.<\/p>\n<p>This need is supported by the design of legal solutions that allow organizations to exploit this incredibly valuable asset in accordance with the legal and regulatory framework of the jurisdictions in which they operate. Reconciling these requirements with the specifics of the data economy is undoubtedly a challenge for multiple players.<\/p>\n<p>Wilson Sales Belchior<\/p>","protected":false},"excerpt":{"rendered":"<p>International Data Privacy Day Thirty years ago, in the city of Strasbourg, on 01\/28\/1981, the first international legally binding instrument in the area of \u200b\u200bdata protection was open for signature and accession. The \u201cConvention for the protection of individuals with regard to the automated processing of personal data\u201d (ETS No. 108) is intended to ensure [&hellip;]<\/p>\n","protected":false},"author":3,"featured_media":1940,"comment_status":"closed","ping_status":"closed","sticky":false,"template":"","format":"standard","meta":{"_acf_changed":false,"footnotes":""},"categories":[30],"tags":[],"class_list":["post-1936","post","type-post","status-publish","format-standard","has-post-thumbnail","hentry","category-direito-digital"],"acf":[],"yoast_head":"<!-- This site is optimized with the Yoast SEO plugin v27.5 - https:\/\/yoast.com\/product\/yoast-seo-wordpress\/ -->\n<title>Privacy and data protection is an urgent debate - RMS Advogados<\/title>\n<meta name=\"robots\" content=\"index, follow, max-snippet:-1, max-image-preview:large, max-video-preview:-1\" \/>\n<link rel=\"canonical\" href=\"https:\/\/rms.adv.br\/en\/rms-noticias\/direito-digital\/privacidade-e-protecao-de-dados-e-um-debate-urgente\/\" \/>\n<meta property=\"og:locale\" content=\"en_US\" \/>\n<meta property=\"og:type\" content=\"article\" \/>\n<meta property=\"og:title\" content=\"Privacy and data protection is an urgent debate - RMS Advogados\" \/>\n<meta property=\"og:description\" content=\"International Data Privacy Day Thirty years ago, in the city of Strasbourg, on 01\/28\/1981, the first international legally binding instrument in the area of \u200b\u200bdata protection was open for signature and accession. The \u201cConvention for the protection of individuals with regard to the automated processing of personal data\u201d (ETS No. 108) is intended to ensure [&hellip;]\" \/>\n<meta property=\"og:url\" content=\"https:\/\/rms.adv.br\/en\/rms-noticias\/direito-digital\/privacidade-e-protecao-de-dados-e-um-debate-urgente\/\" \/>\n<meta property=\"og:site_name\" content=\"RMS Advogados\" \/>\n<meta property=\"article:publisher\" content=\"https:\/\/www.facebook.com\/rmsadvogados.br\" \/>\n<meta property=\"article:published_time\" content=\"2021-02-15T14:28:32+00:00\" \/>\n<meta property=\"article:modified_time\" content=\"2025-12-02T13:48:16+00:00\" \/>\n<meta property=\"og:image\" content=\"https:\/\/rms.adv.br\/wp-content\/uploads\/2021\/02\/190-1024x768.jpg\" \/>\n\t<meta property=\"og:image:width\" content=\"1024\" \/>\n\t<meta property=\"og:image:height\" content=\"768\" \/>\n\t<meta property=\"og:image:type\" content=\"image\/jpeg\" \/>\n<meta name=\"author\" content=\"carol\" \/>\n<meta name=\"twitter:card\" content=\"summary_large_image\" \/>\n<meta name=\"twitter:label1\" content=\"Written by\" \/>\n\t<meta name=\"twitter:data1\" content=\"carol\" \/>\n\t<meta name=\"twitter:label2\" content=\"Est. reading time\" \/>\n\t<meta name=\"twitter:data2\" content=\"3 minutes\" \/>\n<script type=\"application\/ld+json\" class=\"yoast-schema-graph\">{\"@context\":\"https:\\\/\\\/schema.org\",\"@graph\":[{\"@type\":\"Article\",\"@id\":\"https:\\\/\\\/rms.adv.br\\\/rms-noticias\\\/direito-digital\\\/privacidade-e-protecao-de-dados-e-um-debate-urgente\\\/#article\",\"isPartOf\":{\"@id\":\"https:\\\/\\\/rms.adv.br\\\/rms-noticias\\\/direito-digital\\\/privacidade-e-protecao-de-dados-e-um-debate-urgente\\\/\"},\"author\":{\"name\":\"carol\",\"@id\":\"https:\\\/\\\/rms.adv.br\\\/#\\\/schema\\\/person\\\/aa72d20169e67a8e7e3819a42fa9f2a5\"},\"headline\":\"Privacy and data protection is an urgent debate\",\"datePublished\":\"2021-02-15T14:28:32+00:00\",\"dateModified\":\"2025-12-02T13:48:16+00:00\",\"mainEntityOfPage\":{\"@id\":\"https:\\\/\\\/rms.adv.br\\\/rms-noticias\\\/direito-digital\\\/privacidade-e-protecao-de-dados-e-um-debate-urgente\\\/\"},\"wordCount\":710,\"publisher\":{\"@id\":\"https:\\\/\\\/rms.adv.br\\\/#organization\"},\"image\":{\"@id\":\"https:\\\/\\\/rms.adv.br\\\/rms-noticias\\\/direito-digital\\\/privacidade-e-protecao-de-dados-e-um-debate-urgente\\\/#primaryimage\"},\"thumbnailUrl\":\"https:\\\/\\\/rms.adv.br\\\/wp-content\\\/uploads\\\/2021\\\/02\\\/190.jpg\",\"articleSection\":[\"Direito Digital\"],\"inLanguage\":\"en-US\"},{\"@type\":\"WebPage\",\"@id\":\"https:\\\/\\\/rms.adv.br\\\/en\\\/rms-noticias\\\/direito-digital\\\/privacidade-e-protecao-de-dados-e-um-debate-urgente\\\/\",\"url\":\"https:\\\/\\\/rms.adv.br\\\/en\\\/rms-noticias\\\/direito-digital\\\/privacidade-e-protecao-de-dados-e-um-debate-urgente\\\/\",\"name\":\"Privacy and data protection is an urgent debate - RMS Advogados\",\"isPartOf\":{\"@id\":\"https:\\\/\\\/rms.adv.br\\\/en\\\/#website\"},\"primaryImageOfPage\":{\"@id\":\"https:\\\/\\\/rms.adv.br\\\/en\\\/rms-noticias\\\/direito-digital\\\/privacidade-e-protecao-de-dados-e-um-debate-urgente\\\/#primaryimage\"},\"image\":{\"@id\":\"https:\\\/\\\/rms.adv.br\\\/rms-noticias\\\/direito-digital\\\/privacidade-e-protecao-de-dados-e-um-debate-urgente\\\/#primaryimage\"},\"thumbnailUrl\":\"https:\\\/\\\/rms.adv.br\\\/wp-content\\\/uploads\\\/2021\\\/02\\\/190.jpg\",\"datePublished\":\"2021-02-15T14:28:32+00:00\",\"dateModified\":\"2025-12-02T13:48:16+00:00\",\"breadcrumb\":{\"@id\":\"https:\\\/\\\/rms.adv.br\\\/en\\\/rms-noticias\\\/direito-digital\\\/privacidade-e-protecao-de-dados-e-um-debate-urgente\\\/#breadcrumb\"},\"inLanguage\":\"en-US\",\"potentialAction\":[{\"@type\":\"ReadAction\",\"target\":[[\"https:\\\/\\\/rms.adv.br\\\/en\\\/rms-noticias\\\/direito-digital\\\/privacidade-e-protecao-de-dados-e-um-debate-urgente\\\/\"]]}]},{\"@type\":\"ImageObject\",\"inLanguage\":\"en-US\",\"@id\":\"https:\\\/\\\/rms.adv.br\\\/en\\\/rms-noticias\\\/direito-digital\\\/privacidade-e-protecao-de-dados-e-um-debate-urgente\\\/#primaryimage\",\"url\":\"https:\\\/\\\/rms.adv.br\\\/wp-content\\\/uploads\\\/2021\\\/02\\\/190.jpg\",\"contentUrl\":\"https:\\\/\\\/rms.adv.br\\\/wp-content\\\/uploads\\\/2021\\\/02\\\/190.jpg\",\"width\":4724,\"height\":3543},{\"@type\":\"BreadcrumbList\",\"@id\":\"https:\\\/\\\/rms.adv.br\\\/en\\\/rms-noticias\\\/direito-digital\\\/privacidade-e-protecao-de-dados-e-um-debate-urgente\\\/#breadcrumb\",\"itemListElement\":[{\"@type\":\"ListItem\",\"position\":1,\"name\":\"RMS Advogados\",\"item\":\"https:\\\/\\\/rms.adv.br\\\/en\\\/\"},{\"@type\":\"ListItem\",\"position\":2,\"name\":\"Privacidade e prote\u00e7\u00e3o de dados \u00e9 um debate urgente\"}]},{\"@type\":\"WebSite\",\"@id\":\"https:\\\/\\\/rms.adv.br\\\/en\\\/#website\",\"url\":\"https:\\\/\\\/rms.adv.br\\\/en\\\/\",\"name\":\"RMS Advogados\",\"description\":\"(PT) Site\",\"publisher\":{\"@id\":\"https:\\\/\\\/rms.adv.br\\\/en\\\/#organization\"},\"potentialAction\":[{\"@type\":\"SearchAction\",\"target\":{\"@type\":\"EntryPoint\",\"urlTemplate\":\"https:\\\/\\\/rms.adv.br\\\/en\\\/?s={search_term_string}\"},\"query-input\":{\"@type\":\"PropertyValueSpecification\",\"valueRequired\":true,\"valueName\":\"search_term_string\"}}],\"inLanguage\":\"en-US\"},{\"@type\":\"Organization\",\"@id\":\"https:\\\/\\\/rms.adv.br\\\/en\\\/#organization\",\"name\":\"RMS Advogados\",\"url\":\"https:\\\/\\\/rms.adv.br\\\/en\\\/\",\"logo\":{\"@type\":\"ImageObject\",\"inLanguage\":\"en-US\",\"@id\":\"https:\\\/\\\/rms.adv.br\\\/en\\\/#\\\/schema\\\/logo\\\/image\\\/\",\"url\":\"https:\\\/\\\/rms.adv.br\\\/wp-content\\\/uploads\\\/2022\\\/07\\\/RMS-Advogados.jpg\",\"contentUrl\":\"https:\\\/\\\/rms.adv.br\\\/wp-content\\\/uploads\\\/2022\\\/07\\\/RMS-Advogados.jpg\",\"width\":945,\"height\":945,\"caption\":\"RMS Advogados\"},\"image\":{\"@id\":\"https:\\\/\\\/rms.adv.br\\\/en\\\/#\\\/schema\\\/logo\\\/image\\\/\"},\"sameAs\":[\"https:\\\/\\\/www.facebook.com\\\/rmsadvogados.br\",\"https:\\\/\\\/www.instagram.com\\\/rmsadvogados\\\/\",\"https:\\\/\\\/www.linkedin.com\\\/company\\\/rms-advogados\",\"https:\\\/\\\/www.youtube.com\\\/channel\\\/UCPDkHENTGPmDE5isLWhKB8A\"]},{\"@type\":\"Person\",\"@id\":\"https:\\\/\\\/rms.adv.br\\\/#\\\/schema\\\/person\\\/aa72d20169e67a8e7e3819a42fa9f2a5\",\"name\":\"carol\",\"image\":{\"@type\":\"ImageObject\",\"inLanguage\":\"en-US\",\"@id\":\"https:\\\/\\\/secure.gravatar.com\\\/avatar\\\/b1d8b963c149a158f3f0b803ac801048f7cadca1b33bea661488e3f8f7d4e21f?s=96&d=mm&r=g\",\"url\":\"https:\\\/\\\/secure.gravatar.com\\\/avatar\\\/b1d8b963c149a158f3f0b803ac801048f7cadca1b33bea661488e3f8f7d4e21f?s=96&d=mm&r=g\",\"contentUrl\":\"https:\\\/\\\/secure.gravatar.com\\\/avatar\\\/b1d8b963c149a158f3f0b803ac801048f7cadca1b33bea661488e3f8f7d4e21f?s=96&d=mm&r=g\",\"caption\":\"carol\"},\"url\":\"https:\\\/\\\/rms.adv.br\\\/en\\\/author\\\/carol\\\/\"}]}<\/script>\n<!-- \/ Yoast SEO plugin. -->","yoast_head_json":{"title":"Privacy and data protection is an urgent debate - RMS Advogados","robots":{"index":"index","follow":"follow","max-snippet":"max-snippet:-1","max-image-preview":"max-image-preview:large","max-video-preview":"max-video-preview:-1"},"canonical":"https:\/\/rms.adv.br\/en\/rms-noticias\/direito-digital\/privacidade-e-protecao-de-dados-e-um-debate-urgente\/","og_locale":"en_US","og_type":"article","og_title":"Privacy and data protection is an urgent debate - RMS Advogados","og_description":"International Data Privacy Day Thirty years ago, in the city of Strasbourg, on 01\/28\/1981, the first international legally binding instrument in the area of \u200b\u200bdata protection was open for signature and accession. The \u201cConvention for the protection of individuals with regard to the automated processing of personal data\u201d (ETS No. 108) is intended to ensure [&hellip;]","og_url":"https:\/\/rms.adv.br\/en\/rms-noticias\/direito-digital\/privacidade-e-protecao-de-dados-e-um-debate-urgente\/","og_site_name":"RMS Advogados","article_publisher":"https:\/\/www.facebook.com\/rmsadvogados.br","article_published_time":"2021-02-15T14:28:32+00:00","article_modified_time":"2025-12-02T13:48:16+00:00","og_image":[{"width":1024,"height":768,"url":"https:\/\/rms.adv.br\/wp-content\/uploads\/2021\/02\/190-1024x768.jpg","type":"image\/jpeg"}],"author":"carol","twitter_card":"summary_large_image","twitter_misc":{"Written by":"carol","Est. reading time":"3 minutes"},"schema":{"@context":"https:\/\/schema.org","@graph":[{"@type":"Article","@id":"https:\/\/rms.adv.br\/rms-noticias\/direito-digital\/privacidade-e-protecao-de-dados-e-um-debate-urgente\/#article","isPartOf":{"@id":"https:\/\/rms.adv.br\/rms-noticias\/direito-digital\/privacidade-e-protecao-de-dados-e-um-debate-urgente\/"},"author":{"name":"carol","@id":"https:\/\/rms.adv.br\/#\/schema\/person\/aa72d20169e67a8e7e3819a42fa9f2a5"},"headline":"Privacy and data protection is an urgent debate","datePublished":"2021-02-15T14:28:32+00:00","dateModified":"2025-12-02T13:48:16+00:00","mainEntityOfPage":{"@id":"https:\/\/rms.adv.br\/rms-noticias\/direito-digital\/privacidade-e-protecao-de-dados-e-um-debate-urgente\/"},"wordCount":710,"publisher":{"@id":"https:\/\/rms.adv.br\/#organization"},"image":{"@id":"https:\/\/rms.adv.br\/rms-noticias\/direito-digital\/privacidade-e-protecao-de-dados-e-um-debate-urgente\/#primaryimage"},"thumbnailUrl":"https:\/\/rms.adv.br\/wp-content\/uploads\/2021\/02\/190.jpg","articleSection":["Direito Digital"],"inLanguage":"en-US"},{"@type":"WebPage","@id":"https:\/\/rms.adv.br\/en\/rms-noticias\/direito-digital\/privacidade-e-protecao-de-dados-e-um-debate-urgente\/","url":"https:\/\/rms.adv.br\/en\/rms-noticias\/direito-digital\/privacidade-e-protecao-de-dados-e-um-debate-urgente\/","name":"Privacy and data protection is an urgent debate - RMS Advogados","isPartOf":{"@id":"https:\/\/rms.adv.br\/en\/#website"},"primaryImageOfPage":{"@id":"https:\/\/rms.adv.br\/en\/rms-noticias\/direito-digital\/privacidade-e-protecao-de-dados-e-um-debate-urgente\/#primaryimage"},"image":{"@id":"https:\/\/rms.adv.br\/rms-noticias\/direito-digital\/privacidade-e-protecao-de-dados-e-um-debate-urgente\/#primaryimage"},"thumbnailUrl":"https:\/\/rms.adv.br\/wp-content\/uploads\/2021\/02\/190.jpg","datePublished":"2021-02-15T14:28:32+00:00","dateModified":"2025-12-02T13:48:16+00:00","breadcrumb":{"@id":"https:\/\/rms.adv.br\/en\/rms-noticias\/direito-digital\/privacidade-e-protecao-de-dados-e-um-debate-urgente\/#breadcrumb"},"inLanguage":"en-US","potentialAction":[{"@type":"ReadAction","target":[["https:\/\/rms.adv.br\/en\/rms-noticias\/direito-digital\/privacidade-e-protecao-de-dados-e-um-debate-urgente\/"]]}]},{"@type":"ImageObject","inLanguage":"en-US","@id":"https:\/\/rms.adv.br\/en\/rms-noticias\/direito-digital\/privacidade-e-protecao-de-dados-e-um-debate-urgente\/#primaryimage","url":"https:\/\/rms.adv.br\/wp-content\/uploads\/2021\/02\/190.jpg","contentUrl":"https:\/\/rms.adv.br\/wp-content\/uploads\/2021\/02\/190.jpg","width":4724,"height":3543},{"@type":"BreadcrumbList","@id":"https:\/\/rms.adv.br\/en\/rms-noticias\/direito-digital\/privacidade-e-protecao-de-dados-e-um-debate-urgente\/#breadcrumb","itemListElement":[{"@type":"ListItem","position":1,"name":"RMS Advogados","item":"https:\/\/rms.adv.br\/en\/"},{"@type":"ListItem","position":2,"name":"Privacidade e prote\u00e7\u00e3o de dados \u00e9 um debate urgente"}]},{"@type":"WebSite","@id":"https:\/\/rms.adv.br\/en\/#website","url":"https:\/\/rms.adv.br\/en\/","name":"RMS Advogados","description":"(PT) Site","publisher":{"@id":"https:\/\/rms.adv.br\/en\/#organization"},"potentialAction":[{"@type":"SearchAction","target":{"@type":"EntryPoint","urlTemplate":"https:\/\/rms.adv.br\/en\/?s={search_term_string}"},"query-input":{"@type":"PropertyValueSpecification","valueRequired":true,"valueName":"search_term_string"}}],"inLanguage":"en-US"},{"@type":"Organization","@id":"https:\/\/rms.adv.br\/en\/#organization","name":"RMS Advogados","url":"https:\/\/rms.adv.br\/en\/","logo":{"@type":"ImageObject","inLanguage":"en-US","@id":"https:\/\/rms.adv.br\/en\/#\/schema\/logo\/image\/","url":"https:\/\/rms.adv.br\/wp-content\/uploads\/2022\/07\/RMS-Advogados.jpg","contentUrl":"https:\/\/rms.adv.br\/wp-content\/uploads\/2022\/07\/RMS-Advogados.jpg","width":945,"height":945,"caption":"RMS Advogados"},"image":{"@id":"https:\/\/rms.adv.br\/en\/#\/schema\/logo\/image\/"},"sameAs":["https:\/\/www.facebook.com\/rmsadvogados.br","https:\/\/www.instagram.com\/rmsadvogados\/","https:\/\/www.linkedin.com\/company\/rms-advogados","https:\/\/www.youtube.com\/channel\/UCPDkHENTGPmDE5isLWhKB8A"]},{"@type":"Person","@id":"https:\/\/rms.adv.br\/#\/schema\/person\/aa72d20169e67a8e7e3819a42fa9f2a5","name":"carol","image":{"@type":"ImageObject","inLanguage":"en-US","@id":"https:\/\/secure.gravatar.com\/avatar\/b1d8b963c149a158f3f0b803ac801048f7cadca1b33bea661488e3f8f7d4e21f?s=96&d=mm&r=g","url":"https:\/\/secure.gravatar.com\/avatar\/b1d8b963c149a158f3f0b803ac801048f7cadca1b33bea661488e3f8f7d4e21f?s=96&d=mm&r=g","contentUrl":"https:\/\/secure.gravatar.com\/avatar\/b1d8b963c149a158f3f0b803ac801048f7cadca1b33bea661488e3f8f7d4e21f?s=96&d=mm&r=g","caption":"carol"},"url":"https:\/\/rms.adv.br\/en\/author\/carol\/"}]}},"_links":{"self":[{"href":"https:\/\/rms.adv.br\/en\/wp-json\/wp\/v2\/posts\/1936","targetHints":{"allow":["GET"]}}],"collection":[{"href":"https:\/\/rms.adv.br\/en\/wp-json\/wp\/v2\/posts"}],"about":[{"href":"https:\/\/rms.adv.br\/en\/wp-json\/wp\/v2\/types\/post"}],"author":[{"embeddable":true,"href":"https:\/\/rms.adv.br\/en\/wp-json\/wp\/v2\/users\/3"}],"replies":[{"embeddable":true,"href":"https:\/\/rms.adv.br\/en\/wp-json\/wp\/v2\/comments?post=1936"}],"version-history":[{"count":1,"href":"https:\/\/rms.adv.br\/en\/wp-json\/wp\/v2\/posts\/1936\/revisions"}],"predecessor-version":[{"id":1941,"href":"https:\/\/rms.adv.br\/en\/wp-json\/wp\/v2\/posts\/1936\/revisions\/1941"}],"wp:featuredmedia":[{"embeddable":true,"href":"https:\/\/rms.adv.br\/en\/wp-json\/wp\/v2\/media\/1940"}],"wp:attachment":[{"href":"https:\/\/rms.adv.br\/en\/wp-json\/wp\/v2\/media?parent=1936"}],"wp:term":[{"taxonomy":"category","embeddable":true,"href":"https:\/\/rms.adv.br\/en\/wp-json\/wp\/v2\/categories?post=1936"},{"taxonomy":"post_tag","embeddable":true,"href":"https:\/\/rms.adv.br\/en\/wp-json\/wp\/v2\/tags?post=1936"}],"curies":[{"name":"wp","href":"https:\/\/api.w.org\/{rel}","templated":true}]}}